{"id":22181,"date":"2026-09-02T17:09:25","date_gmt":"2026-09-02T20:09:25","guid":{"rendered":"https:\/\/atribunaes.net.br\/?p=22181"},"modified":"2026-09-02T17:09:25","modified_gmt":"2026-09-02T20:09:25","slug":"justica-eleitoral-manda-remover-video-descontextualizado-contra-camillo-neves-e-determina-identificacao-de-perfil-no-instagram","status":"publish","type":"post","link":"https:\/\/atribunaes.net.br\/?p=22181","title":{"rendered":"Justi\u00e7a Eleitoral manda remover v\u00eddeo descontextualizado contra Camillo Neves e determina identifica\u00e7\u00e3o de perfil no Instagram"},"content":{"rendered":"<p>O Tribunal Regional Eleitoral do Esp\u00edrito Santo (TRE-ES) concedeu, neste s\u00e1bado (29), uma determinando a imediata remo\u00e7\u00e3o de uma publica\u00e7\u00e3o manipulada do perfil no Instagram \u201c@direitaesnews\u201d e a quebra do sigilo de dados para identificar os administradores da p\u00e1gina. A decis\u00e3o assinada pelo desembargador Robson Luiz Albanez, atende a uma representa\u00e7\u00e3o ajuizada pela Coliga\u00e7\u00e3o \u201cAgora \u00e9 o Futuro\u201d e pelo candidato a vice-governador, Camillo Neves.<\/p>\n<p>A a\u00e7\u00e3o impugnou um v\u00eddeo curto editado que utilizava trechos gravados durante as elei\u00e7\u00f5es municipais de 2024. O material contrapunha um registro antigo de Camillo declarando apoio \u00e0 candidatura de Lorenzo Pazolini \u00e0 prefeitura de Vit\u00f3ria a imagens e not\u00edcias atuais da chapa majorit\u00e1ria de 2026, associadas a um texto com insinua\u00e7\u00f5es financeiras.<\/p>\n<p>Na decis\u00e3o, o magistrado destacou que a pe\u00e7a audiovisual continha cortes propositais e circulava sem a devida contextualiza\u00e7\u00e3o temporal, possuindo aptid\u00e3o para induzir o eleitorado a erro ao gerar a falsa impress\u00e3o de um posicionamento pol\u00edtico atual de apoio ao advers\u00e1rio.<\/p>\n<p>Ao fundamentar o deferimento da liminar, o relator ponderou que, embora a legisla\u00e7\u00e3o proteja a livre manifesta\u00e7\u00e3o e o debate democr\u00e1tico, a dissemina\u00e7\u00e3o de conte\u00fados descontextualizados e editados configura pr\u00e1tica desinformativa e desequilibra a paridade de armas do pleito. A ordem judicial determinou que o Facebook Servi\u00e7os Online do Brasil cumpra a exclus\u00e3o do link no prazo de dois dias e forne\u00e7a os dados cadastrais e registros de IP do perfil respons\u00e1vel.<\/p>\n<p>O descumprimento por parte do provedor fixa multa di\u00e1ria de R$ 50 mil, podendo alcan\u00e7ar o limite de R$ 250 mil.<\/p>\n<p style=\"text-align: right;\"><strong><em>(Da Reda\u00e7\u00e3o<\/em><em>)<\/em><\/strong><\/p>\n<p>(INF.\\FONTE: Internet \\\\ <strong>Divulga\u00e7\u00e3o)<\/strong><\/p>\n<p>(FT.\\CR\u00c9D.:\u00a0 Internet \\\\ <strong>Divulga\u00e7\u00e3o)<\/strong><\/p>\n","protected":false},"excerpt":{"rendered":"<p>O Tribunal Regional Eleitoral do Esp\u00edrito Santo (TRE-ES) concedeu, neste s\u00e1bado (29), uma determinando a imediata remo\u00e7\u00e3o de uma publica\u00e7\u00e3o manipulada do perfil no Instagram \u201c@direitaesnews\u201d e a quebra do sigilo de dados para identificar os administradores da p\u00e1gina. A decis\u00e3o assinada pelo desembargador Robson Luiz Albanez, atende a uma representa\u00e7\u00e3o ajuizada pela Coliga\u00e7\u00e3o \u201cAgora [&hellip;]<\/p>\n","protected":false},"author":1,"featured_media":22182,"comment_status":"closed","ping_status":"open","sticky":false,"template":"","format":"standard","meta":{"footnotes":""},"categories":[5,9],"tags":[6147,2007,23,2249,1531,702],"class_list":["post-22181","post","type-post","status-publish","format-standard","has-post-thumbnail","hentry","category-destaque","category-espirito-santo","tag-camillo-neves","tag-eleicoes","tag-espirito-santo","tag-fake-news","tag-justica-eleitoral","tag-tre","entry","has-media"],"_links":{"self":[{"href":"https:\/\/atribunaes.net.br\/index.php?rest_route=\/wp\/v2\/posts\/22181","targetHints":{"allow":["GET"]}}],"collection":[{"href":"https:\/\/atribunaes.net.br\/index.php?rest_route=\/wp\/v2\/posts"}],"about":[{"href":"https:\/\/atribunaes.net.br\/index.php?rest_route=\/wp\/v2\/types\/post"}],"author":[{"embeddable":true,"href":"https:\/\/atribunaes.net.br\/index.php?rest_route=\/wp\/v2\/users\/1"}],"replies":[{"embeddable":true,"href":"https:\/\/atribunaes.net.br\/index.php?rest_route=%2Fwp%2Fv2%2Fcomments&post=22181"}],"version-history":[{"count":1,"href":"https:\/\/atribunaes.net.br\/index.php?rest_route=\/wp\/v2\/posts\/22181\/revisions"}],"predecessor-version":[{"id":22183,"href":"https:\/\/atribunaes.net.br\/index.php?rest_route=\/wp\/v2\/posts\/22181\/revisions\/22183"}],"wp:featuredmedia":[{"embeddable":true,"href":"https:\/\/atribunaes.net.br\/index.php?rest_route=\/wp\/v2\/media\/22182"}],"wp:attachment":[{"href":"https:\/\/atribunaes.net.br\/index.php?rest_route=%2Fwp%2Fv2%2Fmedia&parent=22181"}],"wp:term":[{"taxonomy":"category","embeddable":true,"href":"https:\/\/atribunaes.net.br\/index.php?rest_route=%2Fwp%2Fv2%2Fcategories&post=22181"},{"taxonomy":"post_tag","embeddable":true,"href":"https:\/\/atribunaes.net.br\/index.php?rest_route=%2Fwp%2Fv2%2Ftags&post=22181"}],"curies":[{"name":"wp","href":"https:\/\/api.w.org\/{rel}","templated":true}]}}