{"id":22150,"date":"2026-08-31T10:06:18","date_gmt":"2026-08-31T13:06:18","guid":{"rendered":"https:\/\/atribunaes.net.br\/?p=22150"},"modified":"2026-08-31T10:06:18","modified_gmt":"2026-08-31T13:06:18","slug":"governo-sanciona-lei-que-permite-reduzir-tributos-sobre-combustiveis","status":"publish","type":"post","link":"https:\/\/atribunaes.net.br\/?p=22150","title":{"rendered":"Governo sanciona lei que permite reduzir tributos sobre combust\u00edveis"},"content":{"rendered":"<h2>Texto d\u00e1 espa\u00e7o para incentivos a minerais estrat\u00e9gicos e fertilizante<\/h2>\n<p><strong>A presid\u00eancia da Rep\u00fablica sancionou a Lei Complementar n\u00ba 235, de\u00a027 de agosto de 2026\u00a0que estabelece regras para a redu\u00e7\u00e3o de al\u00edquotas de tributos federais sobre a importa\u00e7\u00e3o, a produ\u00e7\u00e3o e a\u00a0 comercializa\u00e7\u00e3o dos principais combust\u00edveis.<\/strong>\u00a0O texto foi aprovado no in\u00edcio do m\u00eas pelo Senado, ap\u00f3s ter passado pela C\u00e2mara dos Deputados.<img decoding=\"async\" src=\"https:\/\/agenciabrasil.ebc.com.br\/ebc.png?id=1700945&amp;o=node\" \/><img decoding=\"async\" src=\"https:\/\/agenciabrasil.ebc.com.br\/ebc.gif?id=1700945&amp;o=node\" \/><\/p>\n<p>A concess\u00e3o de ren\u00fancias de receita visa diminuir os impactos econ\u00f4micos no mercado internacional de energia decorrentes do conflito no Oriente M\u00e9dio. A nova lei foi publicada no\u00a0<a href=\"https:\/\/www.planalto.gov.br\/ccivil_03\/leis\/lcp\/lcp235.htm\" target=\"_blank\" rel=\"noopener\"><em>Di\u00e1rio Oficial da Uni\u00e3o<\/em><\/a>\u00a0desta sexta-feira (28).<\/p>\n<p>O texto permite que eventual redu\u00e7\u00e3o de tributos incidentes sobre combust\u00edveis seja compensada por receitas extraordin\u00e1rias obtidas pela Uni\u00e3o em raz\u00e3o da valoriza\u00e7\u00e3o do petr\u00f3leo no mercado internacional.<\/p>\n<p>Al\u00e9m da quest\u00e3o dos combust\u00edveis,\u00a0<strong>a lei cria condi\u00e7\u00f5es para benef\u00edcios tribut\u00e1rios destinados \u00e0 Pol\u00edtica Nacional de Minerais Cr\u00edticos e Estrat\u00e9gicos e ao Programa de Desenvolvimento da Ind\u00fastria de Fertilizantes, estimulando setores considerados estrat\u00e9gicos para o pa\u00eds.<\/strong><\/p>\n<p>H\u00e1 tamb\u00e9m a previs\u00e3o de um tratamento tribut\u00e1rio espec\u00edfico para iniciativas ligadas \u00e0 realiza\u00e7\u00e3o da Copa do Mundo Feminina de 2027.<\/p>\n<p style=\"text-align: right;\"><strong><em>(Da Reda\u00e7\u00e3o<\/em><em>)<\/em><\/strong><\/p>\n<p>(INF.\\FONTE: Ag\u00eancia Brasil \\\\<strong>Pedro Peduzzi)<\/strong><\/p>\n<p>(FT.\\CR\u00c9D.:\u00a0 Jos\u00e9 Cruz \\\\ <strong>Divulga\u00e7\u00e3o)<\/strong><\/p>\n","protected":false},"excerpt":{"rendered":"<p>Texto d\u00e1 espa\u00e7o para incentivos a minerais estrat\u00e9gicos e fertilizante A presid\u00eancia da Rep\u00fablica sancionou a Lei Complementar n\u00ba 235, de\u00a027 de agosto de 2026\u00a0que estabelece regras para a redu\u00e7\u00e3o de al\u00edquotas de tributos federais sobre a importa\u00e7\u00e3o, a produ\u00e7\u00e3o e a\u00a0 comercializa\u00e7\u00e3o dos principais combust\u00edveis.\u00a0O texto foi aprovado no in\u00edcio do m\u00eas pelo Senado, [&hellip;]<\/p>\n","protected":false},"author":1,"featured_media":22152,"comment_status":"closed","ping_status":"open","sticky":false,"template":"","format":"standard","meta":{"footnotes":""},"categories":[5,10],"tags":[1000,258,455],"class_list":["post-22150","post","type-post","status-publish","format-standard","has-post-thumbnail","hentry","category-destaque","category-geral","tag-combustivel","tag-governo","tag-lei","entry","has-media"],"_links":{"self":[{"href":"https:\/\/atribunaes.net.br\/index.php?rest_route=\/wp\/v2\/posts\/22150","targetHints":{"allow":["GET"]}}],"collection":[{"href":"https:\/\/atribunaes.net.br\/index.php?rest_route=\/wp\/v2\/posts"}],"about":[{"href":"https:\/\/atribunaes.net.br\/index.php?rest_route=\/wp\/v2\/types\/post"}],"author":[{"embeddable":true,"href":"https:\/\/atribunaes.net.br\/index.php?rest_route=\/wp\/v2\/users\/1"}],"replies":[{"embeddable":true,"href":"https:\/\/atribunaes.net.br\/index.php?rest_route=%2Fwp%2Fv2%2Fcomments&post=22150"}],"version-history":[{"count":1,"href":"https:\/\/atribunaes.net.br\/index.php?rest_route=\/wp\/v2\/posts\/22150\/revisions"}],"predecessor-version":[{"id":22153,"href":"https:\/\/atribunaes.net.br\/index.php?rest_route=\/wp\/v2\/posts\/22150\/revisions\/22153"}],"wp:featuredmedia":[{"embeddable":true,"href":"https:\/\/atribunaes.net.br\/index.php?rest_route=\/wp\/v2\/media\/22152"}],"wp:attachment":[{"href":"https:\/\/atribunaes.net.br\/index.php?rest_route=%2Fwp%2Fv2%2Fmedia&parent=22150"}],"wp:term":[{"taxonomy":"category","embeddable":true,"href":"https:\/\/atribunaes.net.br\/index.php?rest_route=%2Fwp%2Fv2%2Fcategories&post=22150"},{"taxonomy":"post_tag","embeddable":true,"href":"https:\/\/atribunaes.net.br\/index.php?rest_route=%2Fwp%2Fv2%2Ftags&post=22150"}],"curies":[{"name":"wp","href":"https:\/\/api.w.org\/{rel}","templated":true}]}}